{"id":4478,"date":"2025-03-28T19:31:03","date_gmt":"2025-03-28T18:31:03","guid":{"rendered":"https:\/\/www.emmerin.fr\/?p=4478"},"modified":"2025-03-28T19:31:10","modified_gmt":"2025-03-28T18:31:10","slug":"u-s-e-basket","status":"publish","type":"post","link":"https:\/\/www.emmerin.fr\/index.php\/2025\/03\/u-s-e-basket\/","title":{"rendered":"U.S.E BASKET"},"content":{"rendered":"\n<p>Nous tenions \u00e0 vous partager quelques actions men\u00e9es par notre association USE Basket<\/p>\n\n\n\n<p>Nos <a><\/a>ados a notamment \u00e9t\u00e9 mis \u00e0 l\u2019honneur et ont eu l\u2019immense fiert\u00e9 d\u2019accompagner sur le terrain l\u2019\u00e9quipe de l\u2019ESB Villeneuve d&rsquo;Ascq en coupe d\u2019Europe contre le club turc du Besiktas. Ce fut un grand moment d\u2019\u00e9motion et la d\u00e9couverte d\u2019un match de basket professionnel dans une belle ambiance. Ils ont par la suite pu eux-m\u00eames connaitre le gout de la comp\u00e9tition lors de matchs amicaux organis\u00e9s avec les clubs de Loos et de Fournes-en-Weppes.<\/p>\n\n\n\n<p>Nos autres sections, toutes mixtes (adultes, U11 et bient\u00f4t nos U13) participent \u00e9galement \u00e0 des rencontrent sportives.<\/p>\n\n\n\n<p>Merci \u00e0 tous nos b\u00e9n\u00e9voles et particuli\u00e8rement \u00e0 l\u2019ensemble des entraineurs et du staff qui s\u2019investissent pour nos jeunes (et moins jeunes) et pour leur faire vivre des moments de joie et d\u2019\u00e9motions, ainsi qu&rsquo;\u00e0 leurs familles.<\/p>\n\n\n\n<p>Merci \u00e9galement \u00e0 notre sponsor, l\u2019\u00e9tablissement Lecocq assainissement \u00e0 Emmerin, qui nous a offert de nouveaux maillots cette ann\u00e9e.<\/p>\n\n\n\n<p>N\u2019h\u00e9sitez pas \u00e0 suivre notre page Facebook et \u00e0 venir nous soutenir lors de nos prochains matchs.<\/p>\n","protected":false},"excerpt":{"rendered":"<p>Nous tenions \u00e0 vous partager quelques actions men\u00e9es par notre association USE Basket Nos ados a notamment \u00e9t\u00e9 mis \u00e0 l\u2019honneur et ont eu l\u2019immense fiert\u00e9 d\u2019accompagner sur le terrain&hellip;<\/p>\n","protected":false},"author":1,"featured_media":4479,"comment_status":"closed","ping_status":"closed","sticky":false,"template":"","format":"standard","meta":{"footnotes":""},"categories":[1],"tags":[],"class_list":["post-4478","post","type-post","status-publish","format-standard","has-post-thumbnail","hentry","category-actualite"],"_links":{"self":[{"href":"https:\/\/www.emmerin.fr\/index.php\/wp-json\/wp\/v2\/posts\/4478","targetHints":{"allow":["GET"]}}],"collection":[{"href":"https:\/\/www.emmerin.fr\/index.php\/wp-json\/wp\/v2\/posts"}],"about":[{"href":"https:\/\/www.emmerin.fr\/index.php\/wp-json\/wp\/v2\/types\/post"}],"author":[{"embeddable":true,"href":"https:\/\/www.emmerin.fr\/index.php\/wp-json\/wp\/v2\/users\/1"}],"replies":[{"embeddable":true,"href":"https:\/\/www.emmerin.fr\/index.php\/wp-json\/wp\/v2\/comments?post=4478"}],"version-history":[{"count":1,"href":"https:\/\/www.emmerin.fr\/index.php\/wp-json\/wp\/v2\/posts\/4478\/revisions"}],"predecessor-version":[{"id":4480,"href":"https:\/\/www.emmerin.fr\/index.php\/wp-json\/wp\/v2\/posts\/4478\/revisions\/4480"}],"wp:featuredmedia":[{"embeddable":true,"href":"https:\/\/www.emmerin.fr\/index.php\/wp-json\/wp\/v2\/media\/4479"}],"wp:attachment":[{"href":"https:\/\/www.emmerin.fr\/index.php\/wp-json\/wp\/v2\/media?parent=4478"}],"wp:term":[{"taxonomy":"category","embeddable":true,"href":"https:\/\/www.emmerin.fr\/index.php\/wp-json\/wp\/v2\/categories?post=4478"},{"taxonomy":"post_tag","embeddable":true,"href":"https:\/\/www.emmerin.fr\/index.php\/wp-json\/wp\/v2\/tags?post=4478"}],"curies":[{"name":"wp","href":"https:\/\/api.w.org\/{rel}","templated":true}]}}